{"id":2066,"date":"2023-09-12T18:12:08","date_gmt":"2023-09-12T18:12:08","guid":{"rendered":"https:\/\/institutobrotar.org.br\/?p=2066"},"modified":"2025-12-09T11:18:34","modified_gmt":"2025-12-09T11:18:34","slug":"vagas-para-o-time-brotar","status":"publish","type":"post","link":"https:\/\/institutobrotar.org.br\/index.php\/2023\/09\/12\/vagas-para-o-time-brotar\/","title":{"rendered":"Vagas para o time brotar"},"content":{"rendered":"\n<p>O Instituto Brotar abre processo seletivo para recrutamento, sele\u00e7\u00e3o e admiss\u00e3o de profissionais, para atuarem na execu\u00e7\u00e3o de servi\u00e7os de Assist\u00eancia T\u00e9cnica e Extens\u00e3o Rural \u2013 ATER, realizando atividades como: visita \u00e0s fam\u00edlias benefici\u00e1rias, acompanhamento das constru\u00e7\u00f5es, semin\u00e1rios, reuni\u00f5es, acompanhamento das capacita\u00e7\u00f5es, interc\u00e2mbios, formata\u00e7\u00e3o de relat\u00f3rios e de planilhas, em 15 munic\u00edpios do Vale do Jaguaribe. O escrit\u00f3rio sede ser\u00e1 no munic\u00edpio de Tabuleiro do Norte \u2013 CE. Ser\u00e3o 2 (duas) vagas, sendo 01 (uma) vaga para profissional de n\u00edvel superior da \u00e1rea agr\u00e1ria e 01 (uma) vaga para profissional de n\u00edvel superior ou t\u00e9cnico da \u00e1rea agr\u00e1ria.<\/p>\n\n\n\n<p><a href=\"https:\/\/institutobrotar.org.br\/wp-content\/uploads\/2023\/09\/4.-edital-processo-seletivo-01.2023.docx.pdf\" target=\"_blank\" rel=\"noopener\" title=\"\">Edital<\/a><\/p>\n\n\n\n<p><\/p>\n\n\n\n<p>As inscri\u00e7\u00f5es estar\u00e3o abertas no per\u00edodo de 12 a 19\/09\/2023, atrav\u00e9s de envio do formul\u00e1rio de inscri\u00e7\u00e3o para o e-mail do INSTITUTO BROTAR administrativo@institutobrotar.org.br .<\/p>\n\n\n\n<p>Mais informa\u00e7\u00f5es podem ser encontradas no edital: <a href=\"https:\/\/institutobrotar.org.br\/wp-content\/uploads\/2023\/09\/4.-edital-processo-seletivo-01.2023.docx.pdf\" target=\"_blank\" rel=\"noopener\" title=\"clique aqui para ver o Edital.\">clique aqui para ver o Edital.<\/a><\/p>\n","protected":false},"excerpt":{"rendered":"<p>O Instituto Brotar abre processo seletivo para recrutamento, sele\u00e7\u00e3o e admiss\u00e3o de profissionais, para atuarem na execu\u00e7\u00e3o de servi\u00e7os de Assist\u00eancia T\u00e9cnica e Extens\u00e3o Rural \u2013 ATER, realizando atividades como: visita \u00e0s fam\u00edlias benefici\u00e1rias, acompanhamento das constru\u00e7\u00f5es, semin\u00e1rios, reuni\u00f5es, acompanhamento das capacita\u00e7\u00f5es, interc\u00e2mbios, formata\u00e7\u00e3o de relat\u00f3rios e de planilhas, em 15 munic\u00edpios do Vale do [&hellip;]<\/p>\n","protected":false},"author":1,"featured_media":3444,"comment_status":"closed","ping_status":"open","sticky":false,"template":"","format":"standard","meta":{"zakra_page_container_layout":"customizer","zakra_page_sidebar_layout":"customizer","zakra_remove_content_margin":false,"zakra_sidebar":"customizer","zakra_transparent_header":"customizer","zakra_logo":0,"zakra_main_header_style":"default","zakra_menu_item_color":"","zakra_menu_item_hover_color":"","zakra_menu_item_active_color":"","zakra_menu_active_style":"","zakra_page_header":true,"om_disable_all_campaigns":false,"_monsterinsights_skip_tracking":false,"_monsterinsights_sitenote_active":false,"_monsterinsights_sitenote_note":"","_monsterinsights_sitenote_category":0,"footnotes":""},"categories":[1],"tags":[],"class_list":["post-2066","post","type-post","status-publish","format-standard","has-post-thumbnail","hentry","category-uncategorized"],"aioseo_notices":[],"_links":{"self":[{"href":"https:\/\/institutobrotar.org.br\/index.php\/wp-json\/wp\/v2\/posts\/2066","targetHints":{"allow":["GET"]}}],"collection":[{"href":"https:\/\/institutobrotar.org.br\/index.php\/wp-json\/wp\/v2\/posts"}],"about":[{"href":"https:\/\/institutobrotar.org.br\/index.php\/wp-json\/wp\/v2\/types\/post"}],"author":[{"embeddable":true,"href":"https:\/\/institutobrotar.org.br\/index.php\/wp-json\/wp\/v2\/users\/1"}],"replies":[{"embeddable":true,"href":"https:\/\/institutobrotar.org.br\/index.php\/wp-json\/wp\/v2\/comments?post=2066"}],"version-history":[{"count":3,"href":"https:\/\/institutobrotar.org.br\/index.php\/wp-json\/wp\/v2\/posts\/2066\/revisions"}],"predecessor-version":[{"id":3446,"href":"https:\/\/institutobrotar.org.br\/index.php\/wp-json\/wp\/v2\/posts\/2066\/revisions\/3446"}],"wp:featuredmedia":[{"embeddable":true,"href":"https:\/\/institutobrotar.org.br\/index.php\/wp-json\/wp\/v2\/media\/3444"}],"wp:attachment":[{"href":"https:\/\/institutobrotar.org.br\/index.php\/wp-json\/wp\/v2\/media?parent=2066"}],"wp:term":[{"taxonomy":"category","embeddable":true,"href":"https:\/\/institutobrotar.org.br\/index.php\/wp-json\/wp\/v2\/categories?post=2066"},{"taxonomy":"post_tag","embeddable":true,"href":"https:\/\/institutobrotar.org.br\/index.php\/wp-json\/wp\/v2\/tags?post=2066"}],"curies":[{"name":"wp","href":"https:\/\/api.w.org\/{rel}","templated":true}]}}